{"id":353,"date":"2019-02-20T14:47:09","date_gmt":"2019-02-20T14:47:09","guid":{"rendered":"https:\/\/agrarflug-kyritz.de\/?p=353"},"modified":"2019-02-20T15:39:59","modified_gmt":"2019-02-20T15:39:59","slug":"webauftritt-agrarflugmuseum-kyritz-geht-online","status":"publish","type":"post","link":"https:\/\/agrarflug-kyritz.de\/?p=353","title":{"rendered":"Webauftritt Agrarflugmuseum Kyritz ist online"},"content":{"rendered":"<p>Es ist geschafft! Der Webauftritt des Agrarflugmuseums Kyritz ist online und f\u00fcr Sie erreichbar. Einige &#8222;virtuellen&#8220; R\u00e4ume\u00a0 sind noch aufzur\u00e4umen bzw. zu putzen aber vom Grund her finden Sie bereits viele Informationen.<\/p>\n<p>Wir m\u00f6chten Ihnen gern einen Anlaufpunkt f\u00fcr den Industrieflug bieten und einen Teil Geschichte anschaulich darstellen.<\/p>\n<p>Der Agrarflug ist auch Bestandteil des &#8222;Jetzt&#8220; und der Zukunft. Viele L\u00e4nder nutzen Flugzeuge um Waldkalkungen, L\u00f6schfl\u00fcge oder allgemeine \u00dcberwachungsfl\u00fcge zu realisieren.<\/p>\n<p><img decoding=\"async\" loading=\"lazy\" class=\"alignnone size-large wp-image-273\" src=\"https:\/\/agrarflug-kyritz.de\/wp-content\/uploads\/2019\/02\/M18-e1549741204472-1024x607.jpg\" alt=\"\" width=\"1024\" height=\"607\" srcset=\"https:\/\/agrarflug-kyritz.de\/wp-content\/uploads\/2019\/02\/M18-e1549741204472-1024x607.jpg 1024w, https:\/\/agrarflug-kyritz.de\/wp-content\/uploads\/2019\/02\/M18-e1549741204472-300x178.jpg 300w, https:\/\/agrarflug-kyritz.de\/wp-content\/uploads\/2019\/02\/M18-e1549741204472-768x455.jpg 768w, https:\/\/agrarflug-kyritz.de\/wp-content\/uploads\/2019\/02\/M18-e1549741204472.jpg 1882w\" sizes=\"(max-width: 1024px) 100vw, 1024px\" \/><\/p>\n<p>Viel Spass hier mit der Webseite und vielleicht besuchen Sie uns auch einmal direkt im Museum.<\/p>\n","protected":false},"excerpt":{"rendered":"<p>Es ist geschafft! Der Webauftritt des Agrarflugmuseums Kyritz ist online und f\u00fcr Sie erreichbar. Einige &#8222;virtuellen&#8220; R\u00e4ume\u00a0 sind noch aufzur\u00e4umen bzw. zu putzen aber vom Grund her finden Sie bereits viele Informationen. Wir m\u00f6chten Ihnen gern einen Anlaufpunkt f\u00fcr den Industrieflug bieten und einen Teil Geschichte anschaulich darstellen. Der Agrarflug ist auch Bestandteil des &#8222;Jetzt&#8220;&hellip;<\/p>\n","protected":false},"author":1,"featured_media":300,"comment_status":"open","ping_status":"open","sticky":false,"template":"","format":"standard","meta":[],"categories":[5],"tags":[],"_links":{"self":[{"href":"https:\/\/agrarflug-kyritz.de\/index.php?rest_route=\/wp\/v2\/posts\/353"}],"collection":[{"href":"https:\/\/agrarflug-kyritz.de\/index.php?rest_route=\/wp\/v2\/posts"}],"about":[{"href":"https:\/\/agrarflug-kyritz.de\/index.php?rest_route=\/wp\/v2\/types\/post"}],"author":[{"embeddable":true,"href":"https:\/\/agrarflug-kyritz.de\/index.php?rest_route=\/wp\/v2\/users\/1"}],"replies":[{"embeddable":true,"href":"https:\/\/agrarflug-kyritz.de\/index.php?rest_route=%2Fwp%2Fv2%2Fcomments&post=353"}],"version-history":[{"count":5,"href":"https:\/\/agrarflug-kyritz.de\/index.php?rest_route=\/wp\/v2\/posts\/353\/revisions"}],"predecessor-version":[{"id":371,"href":"https:\/\/agrarflug-kyritz.de\/index.php?rest_route=\/wp\/v2\/posts\/353\/revisions\/371"}],"wp:featuredmedia":[{"embeddable":true,"href":"https:\/\/agrarflug-kyritz.de\/index.php?rest_route=\/wp\/v2\/media\/300"}],"wp:attachment":[{"href":"https:\/\/agrarflug-kyritz.de\/index.php?rest_route=%2Fwp%2Fv2%2Fmedia&parent=353"}],"wp:term":[{"taxonomy":"category","embeddable":true,"href":"https:\/\/agrarflug-kyritz.de\/index.php?rest_route=%2Fwp%2Fv2%2Fcategories&post=353"},{"taxonomy":"post_tag","embeddable":true,"href":"https:\/\/agrarflug-kyritz.de\/index.php?rest_route=%2Fwp%2Fv2%2Ftags&post=353"}],"curies":[{"name":"wp","href":"https:\/\/api.w.org\/{rel}","templated":true}]}}