{"id":526,"date":"2020-07-03T16:25:33","date_gmt":"2020-07-03T16:25:33","guid":{"rendered":"https:\/\/agrarflug-kyritz.de\/?p=526"},"modified":"2020-07-03T16:39:30","modified_gmt":"2020-07-03T16:39:30","slug":"oeffnungszeiten-museum","status":"publish","type":"post","link":"https:\/\/agrarflug-kyritz.de\/?p=526","title":{"rendered":"\u00d6ffnungszeiten Museum"},"content":{"rendered":"<p>Es gibt tolle Neuigkeiten!<\/p>\n<p>Wir sind zwar bei weitem nicht mit dem Umbau bzw. der Umgestaltung des Museums fertig aber m\u00f6chten trotzdem schon f\u00fcr Euch \u00f6ffnen.<\/p>\n<p>Die ge\u00e4nderten und angepassten \u00d6ffnungszeiten f\u00fcr den Sommer stehen in der rechten Infoleiste der Homepage.<\/p>\n<p>Ach, ist das sch\u00f6n. Wir haben auf und freuen uns auf Euren Besuch. Hier mal kurz einige Bilder aus unser umgestalteten Halle.<\/p>\n\n\t\t<style type=\"text\/css\">\n\t\t\t#gallery-1 {\n\t\t\t\tmargin: auto;\n\t\t\t}\n\t\t\t#gallery-1 .gallery-item {\n\t\t\t\tfloat: left;\n\t\t\t\tmargin-top: 10px;\n\t\t\t\ttext-align: center;\n\t\t\t\twidth: 33%;\n\t\t\t}\n\t\t\t#gallery-1 img {\n\t\t\t\tborder: 2px solid #cfcfcf;\n\t\t\t}\n\t\t\t#gallery-1 .gallery-caption {\n\t\t\t\tmargin-left: 0;\n\t\t\t}\n\t\t\t\/* see gallery_shortcode() in wp-includes\/media.php *\/\n\t\t<\/style>\n\t\t<div id='gallery-1' class='gallery galleryid-526 gallery-columns-3 gallery-size-medium'><dl class='gallery-item'>\n\t\t\t<dt class='gallery-icon landscape'>\n\t\t\t\t<a href='https:\/\/agrarflug-kyritz.de\/?attachment_id=528'><img width=\"300\" height=\"169\" src=\"https:\/\/agrarflug-kyritz.de\/wp-content\/uploads\/2020\/07\/20200626_104333-300x169.jpg\" class=\"attachment-medium size-medium\" alt=\"\" decoding=\"async\" loading=\"lazy\" srcset=\"https:\/\/agrarflug-kyritz.de\/wp-content\/uploads\/2020\/07\/20200626_104333-300x169.jpg 300w, https:\/\/agrarflug-kyritz.de\/wp-content\/uploads\/2020\/07\/20200626_104333-1024x576.jpg 1024w, https:\/\/agrarflug-kyritz.de\/wp-content\/uploads\/2020\/07\/20200626_104333-768x432.jpg 768w, https:\/\/agrarflug-kyritz.de\/wp-content\/uploads\/2020\/07\/20200626_104333-1536x864.jpg 1536w, https:\/\/agrarflug-kyritz.de\/wp-content\/uploads\/2020\/07\/20200626_104333-2048x1152.jpg 2048w\" sizes=\"(max-width: 300px) 100vw, 300px\" \/><\/a>\n\t\t\t<\/dt><\/dl><dl class='gallery-item'>\n\t\t\t<dt class='gallery-icon landscape'>\n\t\t\t\t<a href='https:\/\/agrarflug-kyritz.de\/?attachment_id=527'><img width=\"300\" height=\"169\" src=\"https:\/\/agrarflug-kyritz.de\/wp-content\/uploads\/2020\/07\/20200624_130728-300x169.jpg\" class=\"attachment-medium size-medium\" alt=\"\" decoding=\"async\" loading=\"lazy\" srcset=\"https:\/\/agrarflug-kyritz.de\/wp-content\/uploads\/2020\/07\/20200624_130728-300x169.jpg 300w, https:\/\/agrarflug-kyritz.de\/wp-content\/uploads\/2020\/07\/20200624_130728-1024x576.jpg 1024w, https:\/\/agrarflug-kyritz.de\/wp-content\/uploads\/2020\/07\/20200624_130728-768x432.jpg 768w, https:\/\/agrarflug-kyritz.de\/wp-content\/uploads\/2020\/07\/20200624_130728-1536x864.jpg 1536w, https:\/\/agrarflug-kyritz.de\/wp-content\/uploads\/2020\/07\/20200624_130728-2048x1152.jpg 2048w\" sizes=\"(max-width: 300px) 100vw, 300px\" \/><\/a>\n\t\t\t<\/dt><\/dl><dl class='gallery-item'>\n\t\t\t<dt class='gallery-icon landscape'>\n\t\t\t\t<a href='https:\/\/agrarflug-kyritz.de\/?attachment_id=529'><img width=\"300\" height=\"169\" src=\"https:\/\/agrarflug-kyritz.de\/wp-content\/uploads\/2020\/07\/20200626_104421-300x169.jpg\" class=\"attachment-medium size-medium\" alt=\"\" decoding=\"async\" loading=\"lazy\" srcset=\"https:\/\/agrarflug-kyritz.de\/wp-content\/uploads\/2020\/07\/20200626_104421-300x169.jpg 300w, https:\/\/agrarflug-kyritz.de\/wp-content\/uploads\/2020\/07\/20200626_104421-1024x576.jpg 1024w, https:\/\/agrarflug-kyritz.de\/wp-content\/uploads\/2020\/07\/20200626_104421-768x432.jpg 768w, https:\/\/agrarflug-kyritz.de\/wp-content\/uploads\/2020\/07\/20200626_104421-1536x864.jpg 1536w, https:\/\/agrarflug-kyritz.de\/wp-content\/uploads\/2020\/07\/20200626_104421-2048x1152.jpg 2048w\" sizes=\"(max-width: 300px) 100vw, 300px\" \/><\/a>\n\t\t\t<\/dt><\/dl><br style=\"clear: both\" \/>\n\t\t<\/div>\n\n<p>Ja, das soll es erst mal wieder gewesen sein. Es ist schon erfreulich, dass es so langsam wieder los geht.<\/p>\n","protected":false},"excerpt":{"rendered":"<p>Es gibt tolle Neuigkeiten! Wir sind zwar bei weitem nicht mit dem Umbau bzw. der Umgestaltung des Museums fertig aber m\u00f6chten trotzdem schon f\u00fcr Euch \u00f6ffnen. Die ge\u00e4nderten und angepassten \u00d6ffnungszeiten f\u00fcr den Sommer stehen in der rechten Infoleiste der Homepage. Ach, ist das sch\u00f6n. Wir haben auf und freuen uns auf Euren Besuch. Hier&hellip;<\/p>\n","protected":false},"author":1,"featured_media":0,"comment_status":"closed","ping_status":"open","sticky":false,"template":"","format":"standard","meta":[],"categories":[5],"tags":[10,23,21,22],"_links":{"self":[{"href":"https:\/\/agrarflug-kyritz.de\/index.php?rest_route=\/wp\/v2\/posts\/526"}],"collection":[{"href":"https:\/\/agrarflug-kyritz.de\/index.php?rest_route=\/wp\/v2\/posts"}],"about":[{"href":"https:\/\/agrarflug-kyritz.de\/index.php?rest_route=\/wp\/v2\/types\/post"}],"author":[{"embeddable":true,"href":"https:\/\/agrarflug-kyritz.de\/index.php?rest_route=\/wp\/v2\/users\/1"}],"replies":[{"embeddable":true,"href":"https:\/\/agrarflug-kyritz.de\/index.php?rest_route=%2Fwp%2Fv2%2Fcomments&post=526"}],"version-history":[{"count":2,"href":"https:\/\/agrarflug-kyritz.de\/index.php?rest_route=\/wp\/v2\/posts\/526\/revisions"}],"predecessor-version":[{"id":531,"href":"https:\/\/agrarflug-kyritz.de\/index.php?rest_route=\/wp\/v2\/posts\/526\/revisions\/531"}],"wp:attachment":[{"href":"https:\/\/agrarflug-kyritz.de\/index.php?rest_route=%2Fwp%2Fv2%2Fmedia&parent=526"}],"wp:term":[{"taxonomy":"category","embeddable":true,"href":"https:\/\/agrarflug-kyritz.de\/index.php?rest_route=%2Fwp%2Fv2%2Fcategories&post=526"},{"taxonomy":"post_tag","embeddable":true,"href":"https:\/\/agrarflug-kyritz.de\/index.php?rest_route=%2Fwp%2Fv2%2Ftags&post=526"}],"curies":[{"name":"wp","href":"https:\/\/api.w.org\/{rel}","templated":true}]}}