{"id":621,"date":"2021-12-03T18:42:18","date_gmt":"2021-12-03T18:42:18","guid":{"rendered":"https:\/\/agrarflug-kyritz.de\/?p=621"},"modified":"2021-12-03T18:43:20","modified_gmt":"2021-12-03T18:43:20","slug":"renovierungsnews-vom-03-12-2021","status":"publish","type":"post","link":"https:\/\/agrarflug-kyritz.de\/?p=621","title":{"rendered":"Renovierungsnews vom 03.12.2021"},"content":{"rendered":"<p>Hallo liebe Freunde \/ Interessenten des Agrarflugs.<\/p>\n<p>Wir m\u00f6chte Euch weiter auf dem Laufenden halten.<\/p>\n<p>Ja, wie siehts aus bei uns? Mitten drin und Arbeit, Arbeit und nochmals Arbeit. Es kommt immer wieder was Neues aber wenn wir an das Endergebnis denken, dann ist alles an M\u00fche vergessen.<\/p>\n<p>Unser amtierender Staffelleiter \u00fcberwacht nat\u00fcrlich die Aktion. Ist aber (hinter vorgehaltener Hand) mit uns zufrieden.<\/p>\n<p>Hier schaut er auf der &#8222;alten&#8220; Aufnahme noch aus dem Fenster. Na lieber mal nicht ansprechen \ud83d\ude09<\/p>\n<p><img decoding=\"async\" loading=\"lazy\" class=\"alignnone wp-image-593 size-large\" src=\"https:\/\/agrarflug-kyritz.de\/wp-content\/uploads\/2021\/10\/20210928_104844-1024x576.jpg\" alt=\"\" width=\"1024\" height=\"576\" srcset=\"https:\/\/agrarflug-kyritz.de\/wp-content\/uploads\/2021\/10\/20210928_104844-1024x576.jpg 1024w, https:\/\/agrarflug-kyritz.de\/wp-content\/uploads\/2021\/10\/20210928_104844-300x169.jpg 300w, https:\/\/agrarflug-kyritz.de\/wp-content\/uploads\/2021\/10\/20210928_104844-768x432.jpg 768w, https:\/\/agrarflug-kyritz.de\/wp-content\/uploads\/2021\/10\/20210928_104844-1536x864.jpg 1536w, https:\/\/agrarflug-kyritz.de\/wp-content\/uploads\/2021\/10\/20210928_104844-2048x1152.jpg 2048w\" sizes=\"(max-width: 1024px) 100vw, 1024px\" \/><\/p>\n<p>&#8230; und hier ein Bild von heute. Denke mal ist eindeutig. Und wir sehen sogar ein ganz kleines L\u00e4cheln beim Staffelleiter.<\/p>\n<p><img decoding=\"async\" loading=\"lazy\" class=\"alignnone wp-image-622 size-large\" src=\"https:\/\/agrarflug-kyritz.de\/wp-content\/uploads\/2021\/12\/WhatsApp-Image-2021-12-03-at-11.36.34-1-1024x768.jpeg\" alt=\"\" width=\"1024\" height=\"768\" srcset=\"https:\/\/agrarflug-kyritz.de\/wp-content\/uploads\/2021\/12\/WhatsApp-Image-2021-12-03-at-11.36.34-1-1024x768.jpeg 1024w, https:\/\/agrarflug-kyritz.de\/wp-content\/uploads\/2021\/12\/WhatsApp-Image-2021-12-03-at-11.36.34-1-300x225.jpeg 300w, https:\/\/agrarflug-kyritz.de\/wp-content\/uploads\/2021\/12\/WhatsApp-Image-2021-12-03-at-11.36.34-1-768x576.jpeg 768w, https:\/\/agrarflug-kyritz.de\/wp-content\/uploads\/2021\/12\/WhatsApp-Image-2021-12-03-at-11.36.34-1-1536x1152.jpeg 1536w, https:\/\/agrarflug-kyritz.de\/wp-content\/uploads\/2021\/12\/WhatsApp-Image-2021-12-03-at-11.36.34-1.jpeg 2048w\" sizes=\"(max-width: 1024px) 100vw, 1024px\" \/> <img decoding=\"async\" loading=\"lazy\" class=\"alignnone wp-image-623 size-large\" src=\"https:\/\/agrarflug-kyritz.de\/wp-content\/uploads\/2021\/12\/WhatsApp-Image-2021-12-03-at-11.36.34-1024x768.jpeg\" alt=\"\" width=\"1024\" height=\"768\" srcset=\"https:\/\/agrarflug-kyritz.de\/wp-content\/uploads\/2021\/12\/WhatsApp-Image-2021-12-03-at-11.36.34-1024x768.jpeg 1024w, https:\/\/agrarflug-kyritz.de\/wp-content\/uploads\/2021\/12\/WhatsApp-Image-2021-12-03-at-11.36.34-300x225.jpeg 300w, https:\/\/agrarflug-kyritz.de\/wp-content\/uploads\/2021\/12\/WhatsApp-Image-2021-12-03-at-11.36.34-768x576.jpeg 768w, https:\/\/agrarflug-kyritz.de\/wp-content\/uploads\/2021\/12\/WhatsApp-Image-2021-12-03-at-11.36.34-1536x1152.jpeg 1536w, https:\/\/agrarflug-kyritz.de\/wp-content\/uploads\/2021\/12\/WhatsApp-Image-2021-12-03-at-11.36.34.jpeg 2048w\" sizes=\"(max-width: 1024px) 100vw, 1024px\" \/><\/p>\n<p>Das soll es erst einmal kurz gewesen sein. Der Bericht wird fortgesetzt.<\/p>\n<p>Sch\u00f6nes Wochenende Euch!<\/p>\n","protected":false},"excerpt":{"rendered":"<p>Hallo liebe Freunde \/ Interessenten des Agrarflugs. Wir m\u00f6chte Euch weiter auf dem Laufenden halten. Ja, wie siehts aus bei uns? Mitten drin und Arbeit, Arbeit und nochmals Arbeit. Es kommt immer wieder was Neues aber wenn wir an das Endergebnis denken, dann ist alles an M\u00fche vergessen. Unser amtierender Staffelleiter \u00fcberwacht nat\u00fcrlich die Aktion.&hellip;<\/p>\n","protected":false},"author":1,"featured_media":625,"comment_status":"closed","ping_status":"open","sticky":false,"template":"","format":"standard","meta":[],"categories":[5],"tags":[11,33,34],"_links":{"self":[{"href":"https:\/\/agrarflug-kyritz.de\/index.php?rest_route=\/wp\/v2\/posts\/621"}],"collection":[{"href":"https:\/\/agrarflug-kyritz.de\/index.php?rest_route=\/wp\/v2\/posts"}],"about":[{"href":"https:\/\/agrarflug-kyritz.de\/index.php?rest_route=\/wp\/v2\/types\/post"}],"author":[{"embeddable":true,"href":"https:\/\/agrarflug-kyritz.de\/index.php?rest_route=\/wp\/v2\/users\/1"}],"replies":[{"embeddable":true,"href":"https:\/\/agrarflug-kyritz.de\/index.php?rest_route=%2Fwp%2Fv2%2Fcomments&post=621"}],"version-history":[{"count":1,"href":"https:\/\/agrarflug-kyritz.de\/index.php?rest_route=\/wp\/v2\/posts\/621\/revisions"}],"predecessor-version":[{"id":624,"href":"https:\/\/agrarflug-kyritz.de\/index.php?rest_route=\/wp\/v2\/posts\/621\/revisions\/624"}],"wp:featuredmedia":[{"embeddable":true,"href":"https:\/\/agrarflug-kyritz.de\/index.php?rest_route=\/wp\/v2\/media\/625"}],"wp:attachment":[{"href":"https:\/\/agrarflug-kyritz.de\/index.php?rest_route=%2Fwp%2Fv2%2Fmedia&parent=621"}],"wp:term":[{"taxonomy":"category","embeddable":true,"href":"https:\/\/agrarflug-kyritz.de\/index.php?rest_route=%2Fwp%2Fv2%2Fcategories&post=621"},{"taxonomy":"post_tag","embeddable":true,"href":"https:\/\/agrarflug-kyritz.de\/index.php?rest_route=%2Fwp%2Fv2%2Ftags&post=621"}],"curies":[{"name":"wp","href":"https:\/\/api.w.org\/{rel}","templated":true}]}}