{"id":660,"date":"2022-04-15T17:58:38","date_gmt":"2022-04-15T17:58:38","guid":{"rendered":"https:\/\/agrarflug-kyritz.de\/?p=660"},"modified":"2022-04-15T18:01:07","modified_gmt":"2022-04-15T18:01:07","slug":"frohe-ostern-2022","status":"publish","type":"post","link":"https:\/\/agrarflug-kyritz.de\/?p=660","title":{"rendered":"Frohe Ostern 2022"},"content":{"rendered":"<p style=\"text-align: center;\">Wir vom F\u00f6rderverein in Kyritz w\u00fcnschen allen unseren treuen Lesern ein<\/p>\n<p style=\"text-align: center;\"><strong>sch\u00f6nes Ostern 2022<\/strong><\/p>\n<p style=\"text-align: center;\"><img decoding=\"async\" loading=\"lazy\" class=\"alignnone wp-image-661 size-large\" src=\"https:\/\/agrarflug-kyritz.de\/wp-content\/uploads\/2022\/04\/easter-4039131_1280-1024x1024.png\" alt=\"\" width=\"1024\" height=\"1024\" srcset=\"https:\/\/agrarflug-kyritz.de\/wp-content\/uploads\/2022\/04\/easter-4039131_1280-1024x1024.png 1024w, https:\/\/agrarflug-kyritz.de\/wp-content\/uploads\/2022\/04\/easter-4039131_1280-300x300.png 300w, https:\/\/agrarflug-kyritz.de\/wp-content\/uploads\/2022\/04\/easter-4039131_1280-150x150.png 150w, https:\/\/agrarflug-kyritz.de\/wp-content\/uploads\/2022\/04\/easter-4039131_1280-768x768.png 768w, https:\/\/agrarflug-kyritz.de\/wp-content\/uploads\/2022\/04\/easter-4039131_1280-500x500.png 500w, https:\/\/agrarflug-kyritz.de\/wp-content\/uploads\/2022\/04\/easter-4039131_1280-400x400.png 400w, https:\/\/agrarflug-kyritz.de\/wp-content\/uploads\/2022\/04\/easter-4039131_1280-144x144.png 144w, https:\/\/agrarflug-kyritz.de\/wp-content\/uploads\/2022\/04\/easter-4039131_1280.png 1280w\" sizes=\"(max-width: 1024px) 100vw, 1024px\" \/><\/p>\n","protected":false},"excerpt":{"rendered":"<p>Wir vom F\u00f6rderverein in Kyritz w\u00fcnschen allen unseren treuen Lesern ein sch\u00f6nes Ostern 2022<\/p>\n","protected":false},"author":1,"featured_media":663,"comment_status":"closed","ping_status":"open","sticky":false,"template":"","format":"standard","meta":[],"categories":[1],"tags":[],"_links":{"self":[{"href":"https:\/\/agrarflug-kyritz.de\/index.php?rest_route=\/wp\/v2\/posts\/660"}],"collection":[{"href":"https:\/\/agrarflug-kyritz.de\/index.php?rest_route=\/wp\/v2\/posts"}],"about":[{"href":"https:\/\/agrarflug-kyritz.de\/index.php?rest_route=\/wp\/v2\/types\/post"}],"author":[{"embeddable":true,"href":"https:\/\/agrarflug-kyritz.de\/index.php?rest_route=\/wp\/v2\/users\/1"}],"replies":[{"embeddable":true,"href":"https:\/\/agrarflug-kyritz.de\/index.php?rest_route=%2Fwp%2Fv2%2Fcomments&post=660"}],"version-history":[{"count":2,"href":"https:\/\/agrarflug-kyritz.de\/index.php?rest_route=\/wp\/v2\/posts\/660\/revisions"}],"predecessor-version":[{"id":664,"href":"https:\/\/agrarflug-kyritz.de\/index.php?rest_route=\/wp\/v2\/posts\/660\/revisions\/664"}],"wp:featuredmedia":[{"embeddable":true,"href":"https:\/\/agrarflug-kyritz.de\/index.php?rest_route=\/wp\/v2\/media\/663"}],"wp:attachment":[{"href":"https:\/\/agrarflug-kyritz.de\/index.php?rest_route=%2Fwp%2Fv2%2Fmedia&parent=660"}],"wp:term":[{"taxonomy":"category","embeddable":true,"href":"https:\/\/agrarflug-kyritz.de\/index.php?rest_route=%2Fwp%2Fv2%2Fcategories&post=660"},{"taxonomy":"post_tag","embeddable":true,"href":"https:\/\/agrarflug-kyritz.de\/index.php?rest_route=%2Fwp%2Fv2%2Ftags&post=660"}],"curies":[{"name":"wp","href":"https:\/\/api.w.org\/{rel}","templated":true}]}}