{"id":687,"date":"2022-09-24T06:15:32","date_gmt":"2022-09-24T06:15:32","guid":{"rendered":"https:\/\/agrarflug-kyritz.de\/?p=687"},"modified":"2022-09-24T06:15:32","modified_gmt":"2022-09-24T06:15:32","slug":"geaenderte-oeffnungszeiten","status":"publish","type":"post","link":"https:\/\/agrarflug-kyritz.de\/?p=687","title":{"rendered":"Ge\u00e4nderte \u00d6ffnungszeiten"},"content":{"rendered":"<p>Wir haben ab Oktober Sonnabends bis einschlie\u00dflich Montag geschlossen.<\/p>\n<p>Ab November gelten dann unsere Winter\u00f6ffnungszeiten.<\/p>\n","protected":false},"excerpt":{"rendered":"<p>Wir haben ab Oktober Sonnabends bis einschlie\u00dflich Montag geschlossen. Ab November gelten dann unsere Winter\u00f6ffnungszeiten.<\/p>\n","protected":false},"author":1,"featured_media":688,"comment_status":"closed","ping_status":"open","sticky":false,"template":"","format":"standard","meta":[],"categories":[5],"tags":[],"_links":{"self":[{"href":"https:\/\/agrarflug-kyritz.de\/index.php?rest_route=\/wp\/v2\/posts\/687"}],"collection":[{"href":"https:\/\/agrarflug-kyritz.de\/index.php?rest_route=\/wp\/v2\/posts"}],"about":[{"href":"https:\/\/agrarflug-kyritz.de\/index.php?rest_route=\/wp\/v2\/types\/post"}],"author":[{"embeddable":true,"href":"https:\/\/agrarflug-kyritz.de\/index.php?rest_route=\/wp\/v2\/users\/1"}],"replies":[{"embeddable":true,"href":"https:\/\/agrarflug-kyritz.de\/index.php?rest_route=%2Fwp%2Fv2%2Fcomments&post=687"}],"version-history":[{"count":1,"href":"https:\/\/agrarflug-kyritz.de\/index.php?rest_route=\/wp\/v2\/posts\/687\/revisions"}],"predecessor-version":[{"id":689,"href":"https:\/\/agrarflug-kyritz.de\/index.php?rest_route=\/wp\/v2\/posts\/687\/revisions\/689"}],"wp:featuredmedia":[{"embeddable":true,"href":"https:\/\/agrarflug-kyritz.de\/index.php?rest_route=\/wp\/v2\/media\/688"}],"wp:attachment":[{"href":"https:\/\/agrarflug-kyritz.de\/index.php?rest_route=%2Fwp%2Fv2%2Fmedia&parent=687"}],"wp:term":[{"taxonomy":"category","embeddable":true,"href":"https:\/\/agrarflug-kyritz.de\/index.php?rest_route=%2Fwp%2Fv2%2Fcategories&post=687"},{"taxonomy":"post_tag","embeddable":true,"href":"https:\/\/agrarflug-kyritz.de\/index.php?rest_route=%2Fwp%2Fv2%2Ftags&post=687"}],"curies":[{"name":"wp","href":"https:\/\/api.w.org\/{rel}","templated":true}]}}