{"id":745,"date":"2023-06-10T10:58:58","date_gmt":"2023-06-10T10:58:58","guid":{"rendered":"https:\/\/agrarflug-kyritz.de\/?p=745"},"modified":"2023-06-10T10:58:58","modified_gmt":"2023-06-10T10:58:58","slug":"einblick-in-das-museum","status":"publish","type":"post","link":"https:\/\/agrarflug-kyritz.de\/?p=745","title":{"rendered":"Einblick in das Museum"},"content":{"rendered":"<p>Es ist soweit. Lang genug haben wir Euch hinhalten m\u00fcssen. Leider machte es uns das Leben auch nicht leichter, wie z.B. Corona, fehlende Mitarbeiter usw.<\/p>\n<p>Die Liste k\u00f6nnte man beliebig fortsetzen. Aber trotzdem haben wir bereits viele Sachen gemeistert. Mit einigen Bildern m\u00f6chten wir Euch dran teilhaben lassen, wie es derzeit aussieht.<\/p>\n<p>Im Moment h\u00e4ngen wir noch an den Exponaten. Die m\u00fcssen ja auch stellenweise aufgearbeitet werden.<\/p>\n<p><img decoding=\"async\" loading=\"lazy\" class=\"alignnone size-full wp-image-746\" src=\"https:\/\/agrarflug-kyritz.de\/wp-content\/uploads\/2023\/06\/1685437150857-scaled.jpg\" alt=\"\" width=\"2560\" height=\"1920\" srcset=\"https:\/\/agrarflug-kyritz.de\/wp-content\/uploads\/2023\/06\/1685437150857-scaled.jpg 2560w, https:\/\/agrarflug-kyritz.de\/wp-content\/uploads\/2023\/06\/1685437150857-300x225.jpg 300w, https:\/\/agrarflug-kyritz.de\/wp-content\/uploads\/2023\/06\/1685437150857-1024x768.jpg 1024w, https:\/\/agrarflug-kyritz.de\/wp-content\/uploads\/2023\/06\/1685437150857-768x576.jpg 768w, https:\/\/agrarflug-kyritz.de\/wp-content\/uploads\/2023\/06\/1685437150857-1536x1152.jpg 1536w, https:\/\/agrarflug-kyritz.de\/wp-content\/uploads\/2023\/06\/1685437150857-2048x1536.jpg 2048w, https:\/\/agrarflug-kyritz.de\/wp-content\/uploads\/2023\/06\/1685437150857-120x90.jpg 120w\" sizes=\"(max-width: 2560px) 100vw, 2560px\" \/> <img decoding=\"async\" loading=\"lazy\" class=\"alignnone wp-image-747 size-full\" src=\"https:\/\/agrarflug-kyritz.de\/wp-content\/uploads\/2023\/06\/1685437150868-scaled.jpg\" alt=\"\" width=\"2560\" height=\"1920\" srcset=\"https:\/\/agrarflug-kyritz.de\/wp-content\/uploads\/2023\/06\/1685437150868-scaled.jpg 2560w, https:\/\/agrarflug-kyritz.de\/wp-content\/uploads\/2023\/06\/1685437150868-300x225.jpg 300w, https:\/\/agrarflug-kyritz.de\/wp-content\/uploads\/2023\/06\/1685437150868-1024x768.jpg 1024w, https:\/\/agrarflug-kyritz.de\/wp-content\/uploads\/2023\/06\/1685437150868-768x576.jpg 768w, https:\/\/agrarflug-kyritz.de\/wp-content\/uploads\/2023\/06\/1685437150868-1536x1152.jpg 1536w, https:\/\/agrarflug-kyritz.de\/wp-content\/uploads\/2023\/06\/1685437150868-2048x1536.jpg 2048w, https:\/\/agrarflug-kyritz.de\/wp-content\/uploads\/2023\/06\/1685437150868-120x90.jpg 120w\" sizes=\"(max-width: 2560px) 100vw, 2560px\" \/> <img decoding=\"async\" loading=\"lazy\" class=\"alignnone wp-image-748 size-full\" src=\"https:\/\/agrarflug-kyritz.de\/wp-content\/uploads\/2023\/06\/1686228513541-scaled.jpg\" alt=\"\" width=\"2560\" height=\"1920\" srcset=\"https:\/\/agrarflug-kyritz.de\/wp-content\/uploads\/2023\/06\/1686228513541-scaled.jpg 2560w, https:\/\/agrarflug-kyritz.de\/wp-content\/uploads\/2023\/06\/1686228513541-300x225.jpg 300w, https:\/\/agrarflug-kyritz.de\/wp-content\/uploads\/2023\/06\/1686228513541-1024x768.jpg 1024w, https:\/\/agrarflug-kyritz.de\/wp-content\/uploads\/2023\/06\/1686228513541-768x576.jpg 768w, https:\/\/agrarflug-kyritz.de\/wp-content\/uploads\/2023\/06\/1686228513541-1536x1152.jpg 1536w, https:\/\/agrarflug-kyritz.de\/wp-content\/uploads\/2023\/06\/1686228513541-2048x1536.jpg 2048w, https:\/\/agrarflug-kyritz.de\/wp-content\/uploads\/2023\/06\/1686228513541-120x90.jpg 120w\" sizes=\"(max-width: 2560px) 100vw, 2560px\" \/> <img decoding=\"async\" loading=\"lazy\" class=\"alignnone wp-image-749 size-full\" src=\"https:\/\/agrarflug-kyritz.de\/wp-content\/uploads\/2023\/06\/1686228513569-scaled.jpg\" alt=\"\" width=\"2560\" height=\"1920\" srcset=\"https:\/\/agrarflug-kyritz.de\/wp-content\/uploads\/2023\/06\/1686228513569-scaled.jpg 2560w, https:\/\/agrarflug-kyritz.de\/wp-content\/uploads\/2023\/06\/1686228513569-300x225.jpg 300w, https:\/\/agrarflug-kyritz.de\/wp-content\/uploads\/2023\/06\/1686228513569-1024x768.jpg 1024w, https:\/\/agrarflug-kyritz.de\/wp-content\/uploads\/2023\/06\/1686228513569-768x576.jpg 768w, https:\/\/agrarflug-kyritz.de\/wp-content\/uploads\/2023\/06\/1686228513569-1536x1152.jpg 1536w, https:\/\/agrarflug-kyritz.de\/wp-content\/uploads\/2023\/06\/1686228513569-2048x1536.jpg 2048w, https:\/\/agrarflug-kyritz.de\/wp-content\/uploads\/2023\/06\/1686228513569-120x90.jpg 120w\" sizes=\"(max-width: 2560px) 100vw, 2560px\" \/><\/p>\n","protected":false},"excerpt":{"rendered":"<p>Es ist soweit. Lang genug haben wir Euch hinhalten m\u00fcssen. Leider machte es uns das Leben auch nicht leichter, wie z.B. Corona, fehlende Mitarbeiter usw. Die Liste k\u00f6nnte man beliebig fortsetzen. Aber trotzdem haben wir bereits viele Sachen gemeistert. Mit einigen Bildern m\u00f6chten wir Euch dran teilhaben lassen, wie es derzeit aussieht. Im Moment h\u00e4ngen&hellip;<\/p>\n","protected":false},"author":1,"featured_media":746,"comment_status":"closed","ping_status":"open","sticky":false,"template":"","format":"standard","meta":[],"categories":[5],"tags":[],"_links":{"self":[{"href":"https:\/\/agrarflug-kyritz.de\/index.php?rest_route=\/wp\/v2\/posts\/745"}],"collection":[{"href":"https:\/\/agrarflug-kyritz.de\/index.php?rest_route=\/wp\/v2\/posts"}],"about":[{"href":"https:\/\/agrarflug-kyritz.de\/index.php?rest_route=\/wp\/v2\/types\/post"}],"author":[{"embeddable":true,"href":"https:\/\/agrarflug-kyritz.de\/index.php?rest_route=\/wp\/v2\/users\/1"}],"replies":[{"embeddable":true,"href":"https:\/\/agrarflug-kyritz.de\/index.php?rest_route=%2Fwp%2Fv2%2Fcomments&post=745"}],"version-history":[{"count":1,"href":"https:\/\/agrarflug-kyritz.de\/index.php?rest_route=\/wp\/v2\/posts\/745\/revisions"}],"predecessor-version":[{"id":750,"href":"https:\/\/agrarflug-kyritz.de\/index.php?rest_route=\/wp\/v2\/posts\/745\/revisions\/750"}],"wp:featuredmedia":[{"embeddable":true,"href":"https:\/\/agrarflug-kyritz.de\/index.php?rest_route=\/wp\/v2\/media\/746"}],"wp:attachment":[{"href":"https:\/\/agrarflug-kyritz.de\/index.php?rest_route=%2Fwp%2Fv2%2Fmedia&parent=745"}],"wp:term":[{"taxonomy":"category","embeddable":true,"href":"https:\/\/agrarflug-kyritz.de\/index.php?rest_route=%2Fwp%2Fv2%2Fcategories&post=745"},{"taxonomy":"post_tag","embeddable":true,"href":"https:\/\/agrarflug-kyritz.de\/index.php?rest_route=%2Fwp%2Fv2%2Ftags&post=745"}],"curies":[{"name":"wp","href":"https:\/\/api.w.org\/{rel}","templated":true}]}}